{"id":9754,"date":"2022-12-07T12:17:58","date_gmt":"2022-12-07T12:17:58","guid":{"rendered":"http:\/\/inspirahotels.com\/48-heures-a-lisbonne\/"},"modified":"2023-02-03T10:35:50","modified_gmt":"2023-02-03T10:35:50","slug":"48-heures-a-lisbonne","status":"publish","type":"post","link":"https:\/\/inspirahotels.com\/fr\/48-heures-a-lisbonne\/","title":{"rendered":"48 heures \u00e0 Lisbonne"},"content":{"rendered":"\t\t<div data-elementor-type=\"wp-post\" data-elementor-id=\"9754\" class=\"elementor elementor-9754 elementor-5717\" data-elementor-post-type=\"post\">\n\t\t\t\t\t\t<section class=\"elementor-section elementor-top-section elementor-element elementor-element-2004c832 elementor-section-full_width elementor-section-height-default elementor-section-height-default\" data-id=\"2004c832\" data-element_type=\"section\" data-e-type=\"section\" data-settings=\"{&quot;background_background&quot;:&quot;classic&quot;}\">\n\t\t\t\t\t\t<div class=\"elementor-container elementor-column-gap-default\">\n\t\t\t\t\t<div class=\"elementor-column elementor-col-100 elementor-top-column elementor-element elementor-element-31a03d9a\" data-id=\"31a03d9a\" data-element_type=\"column\" data-e-type=\"column\">\n\t\t\t<div class=\"elementor-widget-wrap elementor-element-populated\">\n\t\t\t\t\t\t<div class=\"elementor-element elementor-element-1c2b68fd elementor-widget elementor-widget-spacer\" data-id=\"1c2b68fd\" data-element_type=\"widget\" data-e-type=\"widget\" data-widget_type=\"spacer.default\">\n\t\t\t\t<div class=\"elementor-widget-container\">\n\t\t\t\t\t\t\t<div class=\"elementor-spacer\">\n\t\t\t<div class=\"elementor-spacer-inner\"><\/div>\n\t\t<\/div>\n\t\t\t\t\t\t<\/div>\n\t\t\t\t<\/div>\n\t\t\t\t\t<\/div>\n\t\t<\/div>\n\t\t\t\t\t<\/div>\n\t\t<\/section>\n\t\t\t\t<section class=\"elementor-section elementor-top-section elementor-element elementor-element-4adfdd98 elementor-section-boxed elementor-section-height-default elementor-section-height-default\" data-id=\"4adfdd98\" data-element_type=\"section\" data-e-type=\"section\" data-settings=\"{&quot;background_background&quot;:&quot;classic&quot;}\">\n\t\t\t\t\t\t<div class=\"elementor-container elementor-column-gap-narrow\">\n\t\t\t\t\t<div class=\"elementor-column elementor-col-100 elementor-top-column elementor-element elementor-element-1f873346\" data-id=\"1f873346\" data-element_type=\"column\" data-e-type=\"column\" data-settings=\"{&quot;background_background&quot;:&quot;classic&quot;}\">\n\t\t\t<div class=\"elementor-widget-wrap elementor-element-populated\">\n\t\t\t\t\t\t<div class=\"elementor-element elementor-element-6dda53a6 elementor-widget__width-initial elementor-widget-mobile__width-inherit elementor-widget elementor-widget-text-editor\" data-id=\"6dda53a6\" data-element_type=\"widget\" data-e-type=\"widget\" data-widget_type=\"text-editor.default\">\n\t\t\t\t<div class=\"elementor-widget-container\">\n\t\t\t\t\t\t\t\t\t48 heures<br>\n\u00e0 Lisbonne\t\t\t\t\t\t\t\t<\/div>\n\t\t\t\t<\/div>\n\t\t\t\t<div class=\"elementor-element elementor-element-394d02c5 elementor-widget__width-initial elementor-widget-mobile__width-inherit elementor-widget elementor-widget-text-editor\" data-id=\"394d02c5\" data-element_type=\"widget\" data-e-type=\"widget\" data-widget_type=\"text-editor.default\">\n\t\t\t\t<div class=\"elementor-widget-container\">\n\t\t\t\t\t\t\t\t\t<p>#anossalisboa<br \/>#InspiraLiberdade<\/p>\n\t\t\t\t\t\t\t\t<\/div>\n\t\t\t\t<\/div>\n\t\t\t\t<div class=\"elementor-element elementor-element-44435180 elementor-widget__width-initial elementor-widget elementor-widget-text-editor\" data-id=\"44435180\" data-element_type=\"widget\" data-e-type=\"widget\" data-widget_type=\"text-editor.default\">\n\t\t\t\t<div class=\"elementor-widget-container\">\n\t\t\t\t\t\t\t\t\t<p>Tant de choses \u00e0 voir, tant de choses \u00e0 d\u00e9couvrir. Et 48 heures \u00e0 Lisbonne passent en un \u00e9clair. Nous vous guiderons \u00e0 travers certains de nos endroits pr\u00e9f\u00e9r\u00e9s \u00e0 Lisbonne : les espaces verts, les points de vue, cette collation sp\u00e9ciale ou le c\u00e9l\u00e8bre pastel de Bel\u00e9m. Certain qu&#8217;il n&#8217;est pas possible de compresser tout notre Lisbonne en seulement 2 jours, nous avons choisi nos coups de c\u0153ur, ceux que nous recommanderions \u00e0 un ami s&#8217;il venait dans la ville pour la premi\u00e8re fois.<\/p>\n\t\t\t\t\t\t\t\t<\/div>\n\t\t\t\t<\/div>\n\t\t\t\t<div class=\"elementor-element elementor-element-1c0835a elementor-widget__width-initial elementor-widget-mobile__width-inherit elementor-widget elementor-widget-text-editor\" data-id=\"1c0835a\" data-element_type=\"widget\" data-e-type=\"widget\" data-widget_type=\"text-editor.default\">\n\t\t\t\t<div class=\"elementor-widget-container\">\n\t\t\t\t\t\t\t\t\t<b>Jour 1<\/b><br>\nPoint de d\u00e9part : Inspira Liberdade\t\t\t\t\t\t\t\t<\/div>\n\t\t\t\t<\/div>\n\t\t\t\t<div class=\"elementor-element elementor-element-bd73553 elementor-widget__width-initial elementor-widget-mobile__width-inherit elementor-widget elementor-widget-image\" data-id=\"bd73553\" data-element_type=\"widget\" data-e-type=\"widget\" data-widget_type=\"image.default\">\n\t\t\t\t<div class=\"elementor-widget-container\">\n\t\t\t\t\t\t\t\t\t\t\t\t\t\t\t<img fetchpriority=\"high\" decoding=\"async\" width=\"441\" height=\"129\" src=\"https:\/\/inspirahotels.com\/wp-content\/uploads\/2022\/12\/steps.png\" class=\"attachment-large size-large wp-image-7889\" alt=\"\" srcset=\"https:\/\/inspirahotels.com\/wp-content\/uploads\/2022\/12\/steps.png 441w, https:\/\/inspirahotels.com\/wp-content\/uploads\/2022\/12\/steps-300x88.png 300w\" sizes=\"(max-width: 441px) 100vw, 441px\" \/>\t\t\t\t\t\t\t\t\t\t\t\t\t\t\t<\/div>\n\t\t\t\t<\/div>\n\t\t\t\t\t<\/div>\n\t\t<\/div>\n\t\t\t\t\t<\/div>\n\t\t<\/section>\n\t\t\t\t<section class=\"elementor-section elementor-top-section elementor-element elementor-element-1fafdb1 elementor-section-boxed elementor-section-height-default elementor-section-height-default\" data-id=\"1fafdb1\" data-element_type=\"section\" data-e-type=\"section\">\n\t\t\t\t\t\t<div class=\"elementor-container elementor-column-gap-default\">\n\t\t\t\t\t<div class=\"elementor-column elementor-col-100 elementor-top-column elementor-element elementor-element-a7d1cf6\" data-id=\"a7d1cf6\" data-element_type=\"column\" data-e-type=\"column\" data-settings=\"{&quot;background_background&quot;:&quot;classic&quot;}\">\n\t\t\t<div class=\"elementor-widget-wrap elementor-element-populated\">\n\t\t\t\t\t\t<div class=\"elementor-element elementor-element-32b70c2 elementor-cta--layout-image-left elementor-cta--mobile-layout-image-above elementor-cta--skin-classic elementor-animated-content elementor-widget elementor-widget-call-to-action\" data-id=\"32b70c2\" data-element_type=\"widget\" data-e-type=\"widget\" data-widget_type=\"call-to-action.default\">\n\t\t\t\t<div class=\"elementor-widget-container\">\n\t\t\t\t\t\t\t<div class=\"elementor-cta\">\n\t\t\t\t\t<div class=\"elementor-cta__bg-wrapper\">\n\t\t\t\t<div class=\"elementor-cta__bg elementor-bg\" style=\"background-image: url(https:\/\/inspirahotels.com\/wp-content\/uploads\/2022\/12\/inspira_hotels_sustentabilidade_jardimbotanico.webp);\" role=\"img\" aria-label=\"inspira_hotels_sustentabilidade_jardimbotanico\"><\/div>\n\t\t\t\t<div class=\"elementor-cta__bg-overlay\"><\/div>\n\t\t\t<\/div>\n\t\t\t\t\t\t\t<div class=\"elementor-cta__content\">\n\t\t\t\t\n\t\t\t\t\t\t\t\t\t<div class=\"elementor-cta__title elementor-cta__content-item elementor-content-item\">\n\t\t\t\t\t\tJardin Botanique\t\t\t\t\t<\/div>\n\t\t\t\t\n\t\t\t\t\t\t\t\t\t<div class=\"elementor-cta__description elementor-cta__content-item elementor-content-item\">\n\t\t\t\t\t\t<p>Rien de plus rafra\u00eechissant que de se r\u00e9veiller, de savourer un bon petit-d\u00e9jeuner et de partir \u00e0 la d\u00e9couverte de la nature de la ville.<\/p>\n<p>Commen\u00e7ons par l'un des jardins les plus connus de la ville.<\/p>\n<p>Le jardin botanique de Lisbonne, con\u00e7u au milieu du XIXe si\u00e8cle, est depuis 2010 consid\u00e9r\u00e9 comme un monument national. C'est un endroit charmant pour trouver la paix au milieu de l'agitation de la ville. Le paysage change selon la saison, \u00e9t\u00e9 comme hiver, votre visite sera toujours diff\u00e9rente.<\/p>\n<p>Saviez-vous que le Jardin compte plus de 1500 esp\u00e8ces du monde entier ? Et environ 4 hectares d'espaces verts ?<br \/>\nEt tout cela en plein centre de Lisbonne.<\/p>\n<p>Il est ouvert tous les jours, c'est pourquoi c'est l'endroit id\u00e9al pour commencer votre journ\u00e9e de la meilleure fa\u00e7on, en profitant de la brise fra\u00eeche du matin et en vous relaxant au son de la nature.<\/p>\n<p>15 minutes \u00e0 pied d'Inspira Liberdade<\/p>\n\t\t\t\t\t<\/div>\n\t\t\t\t\n\t\t\t\t\t\t\t<\/div>\n\t\t\t\t\t\t<\/div>\n\t\t\t\t\t\t<\/div>\n\t\t\t\t<\/div>\n\t\t\t\t<div class=\"elementor-element elementor-element-c3c41a0 elementor-cta--layout-image-right elementor-cta--mobile-layout-image-above elementor-cta--skin-classic elementor-animated-content elementor-widget elementor-widget-call-to-action\" data-id=\"c3c41a0\" data-element_type=\"widget\" data-e-type=\"widget\" data-widget_type=\"call-to-action.default\">\n\t\t\t\t<div class=\"elementor-widget-container\">\n\t\t\t\t\t\t\t<div class=\"elementor-cta\">\n\t\t\t\t\t<div class=\"elementor-cta__bg-wrapper\">\n\t\t\t\t<div class=\"elementor-cta__bg elementor-bg\" style=\"background-image: url(https:\/\/inspirahotels.com\/wp-content\/uploads\/2022\/12\/museu_carmo2_48h_lisboa-576x1024.jpg);\" role=\"img\" aria-label=\"museu_carmo2_48h_lisboa\"><\/div>\n\t\t\t\t<div class=\"elementor-cta__bg-overlay\"><\/div>\n\t\t\t<\/div>\n\t\t\t\t\t\t\t<div class=\"elementor-cta__content\">\n\t\t\t\t\n\t\t\t\t\t\t\t\t\t<div class=\"elementor-cta__title elementor-cta__content-item elementor-content-item\">\n\t\t\t\t\t\tMus\u00e9e Carmo\t\t\t\t\t<\/div>\n\t\t\t\t\n\t\t\t\t\t\t\t\t\t<div class=\"elementor-cta__description elementor-cta__content-item elementor-content-item\">\n\t\t\t\t\t\t<p>Le mus\u00e9e arch\u00e9ologique de Carmo, situ\u00e9 dans les ruines de Carmo m\u00eame, comprend des pi\u00e8ces de valeur historique, arch\u00e9ologique et artistique, telles que des artefacts et des \u0153uvres datant de la pr\u00e9histoire \u00e0 l'\u00e9poque contemporaine.<\/p>\n<p>Saviez-vous que le couvent Carmo a \u00e9t\u00e9 construit en 1389 ?<\/p>\n<p>L'expression \"Carmo et Trindade sont tomb\u00e9s\" - cela signifie que si nous faisons un tel tumulte, c'est parce que quelque chose d'important s'est produit - est apparue apr\u00e8s le tremblement de terre de 1755, lorsque cette \u00e9glise et Trindade ont \u00e9t\u00e9 r\u00e9duites en d\u00e9combres. <\/p>\n<p>Dans le mus\u00e9e Carmo, il y a une biblioth\u00e8que avec des livres rares, deux momies et des tombes gothiques, dont celle du roi Fernando I.<\/p>\n<p>Il est ouvert tous les jours, sauf le dimanche, et est le lieu id\u00e9al pour les amateurs de promenade historique.<\/p>\n<p>Qui sait s'il y a un concert aux chandelles pendant votre s\u00e9jour ? Ou un spectacle immersif ?<\/p>\n\t\t\t\t\t<\/div>\n\t\t\t\t\n\t\t\t\t\t\t\t<\/div>\n\t\t\t\t\t\t<\/div>\n\t\t\t\t\t\t<\/div>\n\t\t\t\t<\/div>\n\t\t\t\t<div class=\"elementor-element elementor-element-549e907 elementor-cta--layout-image-left elementor-cta--mobile-layout-image-above elementor-cta--skin-classic elementor-animated-content elementor-widget elementor-widget-call-to-action\" data-id=\"549e907\" data-element_type=\"widget\" data-e-type=\"widget\" data-widget_type=\"call-to-action.default\">\n\t\t\t\t<div class=\"elementor-widget-container\">\n\t\t\t\t\t\t\t<div class=\"elementor-cta\">\n\t\t\t\t\t<div class=\"elementor-cta__bg-wrapper\">\n\t\t\t\t<div class=\"elementor-cta__bg elementor-bg\" style=\"background-image: url(https:\/\/inspirahotels.com\/wp-content\/uploads\/lisbon_what_to_do_castelo-576x1024.jpg);\" role=\"img\" aria-label=\"lisbon_what_to_do_castelo\"><\/div>\n\t\t\t\t<div class=\"elementor-cta__bg-overlay\"><\/div>\n\t\t\t<\/div>\n\t\t\t\t\t\t\t<div class=\"elementor-cta__content\">\n\t\t\t\t\n\t\t\t\t\t\t\t\t\t<div class=\"elementor-cta__title elementor-cta__content-item elementor-content-item\">\n\t\t\t\t\t\tFin du jour 1 :<br>Regardons le coucher de soleil au Castelo.\t\t\t\t\t<\/div>\n\t\t\t\t\n\t\t\t\t\t\t\t\t\t<div class=\"elementor-cta__description elementor-cta__content-item elementor-content-item\">\n\t\t\t\t\t\t<p>Situ\u00e9 sur la plus haute colline de la ville, Castelo de S\u00e3o Jorge est l'endroit id\u00e9al pour terminer votre journ\u00e9e.<\/p>\n<p>Avec une vue privil\u00e9gi\u00e9e et unique sur la ville et le Tage, c'est l'un des meilleurs endroits pour voir le coucher du soleil (il est donc toujours recommand\u00e9 d'arriver un peu plus t\u00f4t).<\/p>\n<p>Saviez-vous que le ch\u00e2teau S\u00e3o Jorge est l'un des monuments les plus anciens de la ville, avec les premiers murs datant du 1er si\u00e8cle avant JC ?<\/p>\n\t\t\t\t\t<\/div>\n\t\t\t\t\n\t\t\t\t\t\t\t<\/div>\n\t\t\t\t\t\t<\/div>\n\t\t\t\t\t\t<\/div>\n\t\t\t\t<\/div>\n\t\t\t\t<div class=\"elementor-element elementor-element-1d54722 elementor-cta--layout-image-right elementor-cta--mobile-layout-image-above elementor-cta--skin-classic elementor-animated-content elementor-widget elementor-widget-call-to-action\" data-id=\"1d54722\" data-element_type=\"widget\" data-e-type=\"widget\" data-widget_type=\"call-to-action.default\">\n\t\t\t\t<div class=\"elementor-widget-container\">\n\t\t\t\t\t\t\t<div class=\"elementor-cta\">\n\t\t\t\t\t<div class=\"elementor-cta__bg-wrapper\">\n\t\t\t\t<div class=\"elementor-cta__bg elementor-bg\" style=\"background-image: url(https:\/\/inspirahotels.com\/wp-content\/uploads\/2022\/12\/praca_comercio2_48h_lisboa-576x1024.jpg);\" role=\"img\" aria-label=\"praca_comercio2_48h_lisboa\"><\/div>\n\t\t\t\t<div class=\"elementor-cta__bg-overlay\"><\/div>\n\t\t\t<\/div>\n\t\t\t\t\t\t\t<div class=\"elementor-cta__content\">\n\t\t\t\t\n\t\t\t\t\t\t\t\t\t<div class=\"elementor-cta__title elementor-cta__content-item elementor-content-item\">\n\t\t\t\t\t\tPra\u00e7a do Com\u00e9rcio\t\t\t\t\t<\/div>\n\t\t\t\t\n\t\t\t\t\t\t\t\t\t<div class=\"elementor-cta__description elementor-cta__content-item elementor-content-item\">\n\t\t\t\t\t\t<p>La Pra\u00e7a do Com\u00e9rcio est l'une des plus grandes d'Europe et l'un des endroits pr\u00e9f\u00e9r\u00e9s des visiteurs de la ville. \u00c9galement connu sous le nom de Terreiro do Pa\u00e7o par de nombreux habitants.<\/p>\n<p>Il a \u00e9t\u00e9 utilis\u00e9 comme r\u00e9sidence du roi D. Manuel I depuis 1511, et a ensuite \u00e9t\u00e9 d\u00e9truit par le tremblement de terre de 1755.<\/p>\n<p>Saviez-vous que l'arc de la Rua Augusta est l'un des principaux symboles de la reconstruction post-s\u00e9isme de Lisbonne ? Et que toutes vos sculptures repr\u00e9sentent des personnages historiques portugais ?<\/p>\n<p>Il est recommand\u00e9 de grimper au sommet de l'arche. Une vue \u00e0 360\u00ba, vous permettant de voir tout le centre-ville et une vue imprenable sur le Tage.<\/p>\n<p>Si vous visitez pendant la saison des f\u00eates, c'est l\u00e0 que vous trouverez l'arbre de No\u00ebl et c'est aussi l'un des points de rencontre pour regarder les feux d'artifice.<\/p>\n\t\t\t\t\t<\/div>\n\t\t\t\t\n\t\t\t\t\t\t\t<\/div>\n\t\t\t\t\t\t<\/div>\n\t\t\t\t\t\t<\/div>\n\t\t\t\t<\/div>\n\t\t\t\t\t<\/div>\n\t\t<\/div>\n\t\t\t\t\t<\/div>\n\t\t<\/section>\n\t\t\t\t<section class=\"elementor-section elementor-top-section elementor-element elementor-element-65135c4 elementor-section-boxed elementor-section-height-default elementor-section-height-default\" data-id=\"65135c4\" data-element_type=\"section\" data-e-type=\"section\" data-settings=\"{&quot;background_background&quot;:&quot;classic&quot;}\">\n\t\t\t\t\t\t<div class=\"elementor-container elementor-column-gap-narrow\">\n\t\t\t\t\t<div class=\"elementor-column elementor-col-100 elementor-top-column elementor-element elementor-element-0316f34\" data-id=\"0316f34\" data-element_type=\"column\" data-e-type=\"column\" data-settings=\"{&quot;background_background&quot;:&quot;classic&quot;}\">\n\t\t\t<div class=\"elementor-widget-wrap elementor-element-populated\">\n\t\t\t\t\t\t<div class=\"elementor-element elementor-element-272bdb2 elementor-widget__width-initial elementor-widget-mobile__width-inherit elementor-widget elementor-widget-text-editor\" data-id=\"272bdb2\" data-element_type=\"widget\" data-e-type=\"widget\" data-widget_type=\"text-editor.default\">\n\t\t\t\t<div class=\"elementor-widget-container\">\n\t\t\t\t\t\t\t\t\t<p><b>Jour 2<\/b><br \/>Allons-si \u00e0 Bel\u00e9m<\/p>\n\t\t\t\t\t\t\t\t<\/div>\n\t\t\t\t<\/div>\n\t\t\t\t<div class=\"elementor-element elementor-element-7e06651 elementor-widget__width-initial elementor-widget-mobile__width-inherit elementor-widget elementor-widget-image\" data-id=\"7e06651\" data-element_type=\"widget\" data-e-type=\"widget\" data-widget_type=\"image.default\">\n\t\t\t\t<div class=\"elementor-widget-container\">\n\t\t\t\t\t\t\t\t\t\t\t\t\t\t\t<img fetchpriority=\"high\" decoding=\"async\" width=\"441\" height=\"129\" src=\"https:\/\/inspirahotels.com\/wp-content\/uploads\/2022\/12\/steps.png\" class=\"attachment-large size-large wp-image-7889\" alt=\"\" srcset=\"https:\/\/inspirahotels.com\/wp-content\/uploads\/2022\/12\/steps.png 441w, https:\/\/inspirahotels.com\/wp-content\/uploads\/2022\/12\/steps-300x88.png 300w\" sizes=\"(max-width: 441px) 100vw, 441px\" \/>\t\t\t\t\t\t\t\t\t\t\t\t\t\t\t<\/div>\n\t\t\t\t<\/div>\n\t\t\t\t\t<\/div>\n\t\t<\/div>\n\t\t\t\t\t<\/div>\n\t\t<\/section>\n\t\t\t\t<section class=\"elementor-section elementor-top-section elementor-element elementor-element-e052b58 elementor-section-boxed elementor-section-height-default elementor-section-height-default\" data-id=\"e052b58\" data-element_type=\"section\" data-e-type=\"section\">\n\t\t\t\t\t\t<div class=\"elementor-container elementor-column-gap-default\">\n\t\t\t\t\t<div class=\"elementor-column elementor-col-100 elementor-top-column elementor-element elementor-element-4ef4c5a\" data-id=\"4ef4c5a\" data-element_type=\"column\" data-e-type=\"column\" data-settings=\"{&quot;background_background&quot;:&quot;classic&quot;}\">\n\t\t\t<div class=\"elementor-widget-wrap elementor-element-populated\">\n\t\t\t\t\t\t<div class=\"elementor-element elementor-element-07cded5 elementor-cta--layout-image-left elementor-cta--valign-middle elementor-cta--mobile-layout-image-above elementor-cta--skin-classic elementor-animated-content elementor-widget elementor-widget-call-to-action\" data-id=\"07cded5\" data-element_type=\"widget\" data-e-type=\"widget\" data-widget_type=\"call-to-action.default\">\n\t\t\t\t<div class=\"elementor-widget-container\">\n\t\t\t\t\t\t\t<div class=\"elementor-cta\">\n\t\t\t\t\t<div class=\"elementor-cta__bg-wrapper\">\n\t\t\t\t<div class=\"elementor-cta__bg elementor-bg\" style=\"background-image: url(https:\/\/inspirahotels.com\/wp-content\/uploads\/2022\/12\/maat_belem_48h_lisboa-576x1024.jpg);\" role=\"img\" aria-label=\"maat_belem_48h_lisboa\"><\/div>\n\t\t\t\t<div class=\"elementor-cta__bg-overlay\"><\/div>\n\t\t\t<\/div>\n\t\t\t\t\t\t\t<div class=\"elementor-cta__content\">\n\t\t\t\t\n\t\t\t\t\t\t\t\t\t<div class=\"elementor-cta__title elementor-cta__content-item elementor-content-item\">\n\t\t\t\t\t\tMAAT\t\t\t\t\t<\/div>\n\t\t\t\t\n\t\t\t\t\t\t\t\t\t<div class=\"elementor-cta__description elementor-cta__content-item elementor-content-item\">\n\t\t\t\t\t\t<p>Bel\u00e9m est un m\u00e9lange d'ancien et de nouveau. Devenir l'un des quartiers les plus recherch\u00e9s de Lisbonne par les touristes et les locaux, que ce soit pour les p\u00e2tisseries de Bel\u00e9m, les innombrables espaces au bord de la rivi\u00e8re ou les circuits v\u00e9lo\/jogging.<\/p>\n<p>On commence par l'espace mus\u00e9al le plus r\u00e9cent du quartier : le MAAT.<\/p>\n<p>Id\u00e9al pour les amateurs d'art, d'architecture et de technologie qui souhaitent \u00e9merger dans une exp\u00e9rience unique, avec des \u0153uvres d'artistes nationaux et internationaux.<\/p>\n<p>Saviez-vous que le MAAT a ouvert en octobre 2016 ? Et que c'est l'un des mus\u00e9es les plus modernes de Lisbonne ?<\/p>\n<p>Du haut de la verri\u00e8re du mus\u00e9e, vous avez une large vue sur le Tage et l'autre rive. C'est l'un des endroits incontournables pour ce selfie instagrammable.<\/p>\n<p>Il est ouvert tous les jours sauf le mardi.<\/p>\n\t\t\t\t\t<\/div>\n\t\t\t\t\n\t\t\t\t\t\t\t<\/div>\n\t\t\t\t\t\t<\/div>\n\t\t\t\t\t\t<\/div>\n\t\t\t\t<\/div>\n\t\t\t\t<div class=\"elementor-element elementor-element-d488553 elementor-cta--layout-image-right elementor-cta--mobile-layout-image-above elementor-cta--skin-classic elementor-animated-content elementor-widget elementor-widget-call-to-action\" data-id=\"d488553\" data-element_type=\"widget\" data-e-type=\"widget\" data-widget_type=\"call-to-action.default\">\n\t\t\t\t<div class=\"elementor-widget-container\">\n\t\t\t\t\t\t\t<div class=\"elementor-cta\">\n\t\t\t\t\t<div class=\"elementor-cta__bg-wrapper\">\n\t\t\t\t<div class=\"elementor-cta__bg elementor-bg\" style=\"background-image: url(https:\/\/inspirahotels.com\/wp-content\/uploads\/2022\/12\/jeronimos_belem_48h_lisboa-576x1024.jpg);\" role=\"img\" aria-label=\"jeronimos_belem_48h_lisboa\"><\/div>\n\t\t\t\t<div class=\"elementor-cta__bg-overlay\"><\/div>\n\t\t\t<\/div>\n\t\t\t\t\t\t\t<div class=\"elementor-cta__content\">\n\t\t\t\t\n\t\t\t\t\t\t\t\t\t<div class=\"elementor-cta__title elementor-cta__content-item elementor-content-item\">\n\t\t\t\t\t\tMosteiro dos Jer\u00f3nimos\t\t\t\t\t<\/div>\n\t\t\t\t\n\t\t\t\t\t\t\t\t\t<div class=\"elementor-cta__description elementor-cta__content-item elementor-content-item\">\n\t\t\t\t\t\t<p>Le monast\u00e8re des Jer\u00f3nimos est un lieu classique qui ne peut pas manquer sur votre liste, car il s'agit d'un site du patrimoine mondial de l'UNESCO.<\/p>\n<p>Saviez-vous que le monast\u00e8re a \u00e9t\u00e9 construit \u00e0 la fin du XVe si\u00e8cle par le roi Manuel Ier et qu'en 2016, il a atteint 1 million de visiteurs ?<\/p>\n<p>Saviez-vous qu'il a fallu pr\u00e8s d'un si\u00e8cle pour le construire ? Et qu'il servait autrefois d'orphelinat ?<\/p>\n<p>Il est ouvert aux visites tous les jours, sauf le lundi.<\/p>\n\t\t\t\t\t<\/div>\n\t\t\t\t\n\t\t\t\t\t\t\t<\/div>\n\t\t\t\t\t\t<\/div>\n\t\t\t\t\t\t<\/div>\n\t\t\t\t<\/div>\n\t\t\t\t<div class=\"elementor-element elementor-element-05fa37a elementor-cta--layout-image-left elementor-cta--mobile-layout-image-above elementor-cta--skin-classic elementor-animated-content elementor-widget elementor-widget-call-to-action\" data-id=\"05fa37a\" data-element_type=\"widget\" data-e-type=\"widget\" data-widget_type=\"call-to-action.default\">\n\t\t\t\t<div class=\"elementor-widget-container\">\n\t\t\t\t\t\t\t<div class=\"elementor-cta\">\n\t\t\t\t\t<div class=\"elementor-cta__bg-wrapper\">\n\t\t\t\t<div class=\"elementor-cta__bg elementor-bg\" style=\"background-image: url(https:\/\/inspirahotels.com\/wp-content\/uploads\/2022\/12\/pasteis_belem2_48h_lisboa-576x1024.jpg);\" role=\"img\" aria-label=\"pasteis_belem2_48h_lisboa\"><\/div>\n\t\t\t\t<div class=\"elementor-cta__bg-overlay\"><\/div>\n\t\t\t<\/div>\n\t\t\t\t\t\t\t<div class=\"elementor-cta__content\">\n\t\t\t\t\n\t\t\t\t\t\t\t\t\t<div class=\"elementor-cta__title elementor-cta__content-item elementor-content-item\">\n\t\t\t\t\t\tPasteis de Bel\u00e9m\t\t\t\t\t<\/div>\n\t\t\t\t\n\t\t\t\t\t\t\t\t\t<div class=\"elementor-cta__description elementor-cta__content-item elementor-content-item\">\n\t\t\t\t\t\t<p>Bel\u00e9m est synonyme de files d'attente - la file d'attente pour le Monast\u00e8re des Jer\u00f3nimos et la file d'attente pour les past\u00e9is de Bel\u00e9m - il vaut mieux y aller calmement et sans se presser.<\/p>\n<p>Qui n'a jamais entendu parler des Past\u00e9is de Bel\u00e9m ? Personne - nous disons.<\/p>\n<p>C'est une ic\u00f4ne de Lisbonne, et pas par hasard. D\u00e9licieux et croquant, avec de la cr\u00e8me fouett\u00e9e et saupoudr\u00e9 de cannelle. Hmm.... Il est vraiment impossible de r\u00e9sister.<\/p>\n<p>Saviez-vous que les Past\u00e9is de Bel\u00e9m sont apparus au d\u00e9but du XIXe si\u00e8cle ?<br \/>\nEt que la \"recette secr\u00e8te\" des Past\u00e9is de Bel\u00e9m est sortie du monast\u00e8re des Jer\u00f3nimos, \u00e0 la suite de la r\u00e9volution lib\u00e9rale, en conservant les m\u00eames ingr\u00e9dients secrets jusqu'\u00e0 aujourd'hui ?<\/p>\n<p>D\u00e9gustez-en une sur place et apportez une bo\u00eete avec vous.<\/p>\n\t\t\t\t\t<\/div>\n\t\t\t\t\n\t\t\t\t\t\t\t<\/div>\n\t\t\t\t\t\t<\/div>\n\t\t\t\t\t\t<\/div>\n\t\t\t\t<\/div>\n\t\t\t\t<div class=\"elementor-element elementor-element-f1b9384 elementor-cta--layout-image-right elementor-cta--mobile-layout-image-above elementor-cta--skin-classic elementor-animated-content elementor-widget elementor-widget-call-to-action\" data-id=\"f1b9384\" data-element_type=\"widget\" data-e-type=\"widget\" data-widget_type=\"call-to-action.default\">\n\t\t\t\t<div class=\"elementor-widget-container\">\n\t\t\t\t\t\t\t<div class=\"elementor-cta\">\n\t\t\t\t\t<div class=\"elementor-cta__bg-wrapper\">\n\t\t\t\t<div class=\"elementor-cta__bg elementor-bg\" style=\"background-image: url(https:\/\/inspirahotels.com\/wp-content\/uploads\/2022\/12\/torre_belem_48h_lisboa-576x1024.jpg);\" role=\"img\" aria-label=\"torre_belem_48h_lisboa\"><\/div>\n\t\t\t\t<div class=\"elementor-cta__bg-overlay\"><\/div>\n\t\t\t<\/div>\n\t\t\t\t\t\t\t<div class=\"elementor-cta__content\">\n\t\t\t\t\n\t\t\t\t\t\t\t\t\t<div class=\"elementor-cta__title elementor-cta__content-item elementor-content-item\">\n\t\t\t\t\t\tFin du jour 2 :<br>Par la rivi\u00e8re\t\t\t\t\t<\/div>\n\t\t\t\t\n\t\t\t\t\t\t\t\t\t<div class=\"elementor-cta__description elementor-cta__content-item elementor-content-item\">\n\t\t\t\t\t\t<p>A Bel\u00e9m, vous sauterez entre terre et bord de rivi\u00e8re. La tour de Bel\u00e9m a \u00e9t\u00e9 construite au d\u00e9but du XVIe si\u00e8cle et est un symbole important de la ville de Lisbonne, associ\u00e9e aux d\u00e9couvertes portugaises.<\/p>\n<p>C'est l'endroit id\u00e9al pour se reposer, \u00e9couter les artistes de rue et admirer le coucher de soleil au bord de la rivi\u00e8re. (un autre bon endroit, comme le sommet du MAAT dont nous avons d\u00e9j\u00e0 parl\u00e9).<\/p>\n<p>La promenade qui longe le fleuve est \u00e9galement parfaite pour fl\u00e2ner sans but et profiter du calme et de la s\u00e9r\u00e9nit\u00e9 du fleuve.<\/p>\n<p>Saviez-vous que la tour de Bel\u00e9m est consid\u00e9r\u00e9e comme un site du patrimoine mondial de l'UNESCO ?<\/p>\n<p>Il est ouvert aux visites du mardi au dimanche.<\/p>\n<p>Voici nos suggestions pour ces 48 heures \u00e0 Lisbonne. Si vous avez d\u00e9j\u00e0 visit\u00e9 la ville et connaissez tous ces endroits, et que vous cherchez quelque chose de diff\u00e9rent, demandez-nous, nous ferons un guide rien que pour vous.<\/p>\n\t\t\t\t\t<\/div>\n\t\t\t\t\n\t\t\t\t\t\t\t<\/div>\n\t\t\t\t\t\t<\/div>\n\t\t\t\t\t\t<\/div>\n\t\t\t\t<\/div>\n\t\t\t\t<div class=\"elementor-element elementor-element-f399441 elementor-cta--layout-image-left elementor-cta--mobile-layout-image-above elementor-cta--skin-classic elementor-animated-content elementor-widget elementor-widget-call-to-action\" data-id=\"f399441\" data-element_type=\"widget\" data-e-type=\"widget\" data-widget_type=\"call-to-action.default\">\n\t\t\t\t<div class=\"elementor-widget-container\">\n\t\t\t\t\t\t\t<div class=\"elementor-cta\">\n\t\t\t\t\t<div class=\"elementor-cta__bg-wrapper\">\n\t\t\t\t<div class=\"elementor-cta__bg elementor-bg\" style=\"background-image: url(https:\/\/inspirahotels.com\/wp-content\/uploads\/2022\/09\/InspiraLiberdade_spa2.jpg);\" role=\"img\" aria-label=\"InspiraLiberdade_spa2\"><\/div>\n\t\t\t\t<div class=\"elementor-cta__bg-overlay\"><\/div>\n\t\t\t<\/div>\n\t\t\t\t\t\t\t<div class=\"elementor-cta__content\">\n\t\t\t\t\n\t\t\t\t\t\t\t\t\t<div class=\"elementor-cta__title elementor-cta__content-item elementor-content-item\">\n\t\t\t\t\t\tRetour \u00e0 Inspira Liberdade\t\t\t\t\t<\/div>\n\t\t\t\t\n\t\t\t\t\t\t\t\t\t<div class=\"elementor-cta__description elementor-cta__content-item elementor-content-item\">\n\t\t\t\t\t\t<p>Un week-end charg\u00e9 m\u00e9rite un peu de repos. Faites-vous plaisir, prenez du temps et profitez d'un massage \u00e0 l'h\u00f4tel. Retrouvez votre \u00e9nergie et partez pour un dernier d\u00e9licieux d\u00eener avant la fin de votre escapade.<\/p>\n\t\t\t\t\t<\/div>\n\t\t\t\t\n\t\t\t\t\t\t\t\t\t<div class=\"elementor-cta__button-wrapper elementor-cta__content-item elementor-content-item \">\n\t\t\t\t\t<a class=\"elementor-cta__button elementor-button elementor-size-\" href=\"\/fr\/inspira-liberdade-lisbonne\/hotel-avec-spa\/\">\n\t\t\t\t\t\tVOIR SPA\t\t\t\t\t<\/a>\n\t\t\t\t\t<\/div>\n\t\t\t\t\t\t\t<\/div>\n\t\t\t\t\t\t<\/div>\n\t\t\t\t\t\t<\/div>\n\t\t\t\t<\/div>\n\t\t\t\t\t<\/div>\n\t\t<\/div>\n\t\t\t\t\t<\/div>\n\t\t<\/section>\n\t\t\t\t<section class=\"elementor-section elementor-top-section elementor-element elementor-element-788e0ce8 elementor-section-full_width elementor-section-height-default elementor-section-height-default\" data-id=\"788e0ce8\" data-element_type=\"section\" data-e-type=\"section\">\n\t\t\t\t\t\t<div class=\"elementor-container elementor-column-gap-default\">\n\t\t\t\t\t<div class=\"elementor-column elementor-col-100 elementor-top-column elementor-element elementor-element-7781042e\" data-id=\"7781042e\" data-element_type=\"column\" data-e-type=\"column\" data-settings=\"{&quot;background_background&quot;:&quot;slideshow&quot;,&quot;background_slideshow_gallery&quot;:[],&quot;background_slideshow_loop&quot;:&quot;yes&quot;,&quot;background_slideshow_slide_duration&quot;:5000,&quot;background_slideshow_slide_transition&quot;:&quot;fade&quot;,&quot;background_slideshow_transition_duration&quot;:500}\">\n\t\t\t<div class=\"elementor-widget-wrap elementor-element-populated\">\n\t\t\t\t\t\t<div class=\"elementor-element elementor-element-a3d12eb elementor-widget elementor-widget-heading\" data-id=\"a3d12eb\" data-element_type=\"widget\" data-e-type=\"widget\" data-widget_type=\"heading.default\">\n\t\t\t\t<div class=\"elementor-widget-container\">\n\t\t\t\t\t<h2 class=\"elementor-heading-title elementor-size-default\">NOTRE LISBONNE<\/h2>\t\t\t\t<\/div>\n\t\t\t\t<\/div>\n\t\t\t\t<div class=\"elementor-element elementor-element-1051429 elementor-widget elementor-widget-text-editor\" data-id=\"1051429\" data-element_type=\"widget\" data-e-type=\"widget\" data-widget_type=\"text-editor.default\">\n\t\t\t\t<div class=\"elementor-widget-container\">\n\t\t\t\t\t\t\t\t\t<p>Vivre Lisbonne, c&#8217;est s&#8217;immerger dans cette lumi\u00e8re, dans les routines du quartier, c&#8217;est danser, faire la f\u00eate, monter et descendre les collines, s&#8217;arr\u00eater pour contempler le fleuve ou se perdre dans un jardin. C&#8217;est manger un pastel de nata, boire une ginjinha, monter sous l&#8217;arche de la Rua Augusta ou chercher la meilleure terrasse pour admirer le coucher du soleil.<br \/>Vivre Lisbonne, c&#8217;est emporter un peu de la ville avec vous \u00e0 chaque visite.<\/p>\n\t\t\t\t\t\t\t\t<\/div>\n\t\t\t\t<\/div>\n\t\t\t\t<div class=\"elementor-element elementor-element-4559c89 elementor-widget__width-initial elementor-widget-mobile__width-inherit elementor-cta--skin-classic elementor-animated-content elementor-widget elementor-widget-call-to-action\" data-id=\"4559c89\" data-element_type=\"widget\" data-e-type=\"widget\" data-widget_type=\"call-to-action.default\">\n\t\t\t\t<div class=\"elementor-widget-container\">\n\t\t\t\t\t\t\t<div class=\"elementor-cta\">\n\t\t\t\t\t<div class=\"elementor-cta__bg-wrapper\">\n\t\t\t\t<div class=\"elementor-cta__bg elementor-bg\" style=\"background-image: url(https:\/\/inspirahotels.com\/wp-content\/uploads\/2022\/11\/hotel_lisboa_inspira_liberdade.jpg);\" role=\"img\" aria-label=\"hotel_lisboa_inspira_liberdade\"><\/div>\n\t\t\t\t<div class=\"elementor-cta__bg-overlay\"><\/div>\n\t\t\t<\/div>\n\t\t\t\t\t\t\t<div class=\"elementor-cta__content\">\n\t\t\t\t\n\t\t\t\t\t\t\t\t\t<div class=\"elementor-cta__title elementor-cta__content-item elementor-content-item\">\n\t\t\t\t\t\t\u00c9l\u00e9gant. Classique. Charmant.\t\t\t\t\t<\/div>\n\t\t\t\t\n\t\t\t\t\n\t\t\t\t\t\t\t\t\t<div class=\"elementor-cta__button-wrapper elementor-cta__content-item elementor-content-item \">\n\t\t\t\t\t<a class=\"elementor-cta__button elementor-button elementor-size-\" href=\"\/fr\/inspira-liberdade-lisbonne\/\">\n\t\t\t\t\t\tInspira Liberdade\t\t\t\t\t<\/a>\n\t\t\t\t\t<\/div>\n\t\t\t\t\t\t\t<\/div>\n\t\t\t\t\t\t<\/div>\n\t\t\t\t\t\t<\/div>\n\t\t\t\t<\/div>\n\t\t\t\t<div class=\"elementor-element elementor-element-56d6ef9 elementor-widget__width-initial elementor-widget-mobile__width-inherit elementor-cta--skin-classic elementor-animated-content elementor-widget elementor-widget-call-to-action\" data-id=\"56d6ef9\" data-element_type=\"widget\" data-e-type=\"widget\" data-widget_type=\"call-to-action.default\">\n\t\t\t\t<div class=\"elementor-widget-container\">\n\t\t\t\t\t\t\t<div class=\"elementor-cta\">\n\t\t\t\t\t<div class=\"elementor-cta__bg-wrapper\">\n\t\t\t\t<div class=\"elementor-cta__bg elementor-bg\" style=\"background-image: url(https:\/\/inspirahotels.com\/wp-content\/uploads\/2022\/12\/inspira_santos_lisboa.webp);\" role=\"img\" aria-label=\"inspira_santos_lisboa\"><\/div>\n\t\t\t\t<div class=\"elementor-cta__bg-overlay\"><\/div>\n\t\t\t<\/div>\n\t\t\t\t\t\t\t<div class=\"elementor-cta__content\">\n\t\t\t\t\n\t\t\t\t\t\t\t\t\t<div class=\"elementor-cta__title elementor-cta__content-item elementor-content-item\">\n\t\t\t\t\t\t2023. Original. Amoureux. Vibrant.\t\t\t\t\t<\/div>\n\t\t\t\t\n\t\t\t\t\n\t\t\t\t\t\t\t\t\t<div class=\"elementor-cta__button-wrapper elementor-cta__content-item elementor-content-item \">\n\t\t\t\t\t<a class=\"elementor-cta__button elementor-button elementor-size-\" href=\"\/fr\/inspira-santos\/\">\n\t\t\t\t\t\tInspira Santos\t\t\t\t\t<\/a>\n\t\t\t\t\t<\/div>\n\t\t\t\t\t\t\t<\/div>\n\t\t\t\t\t\t<\/div>\n\t\t\t\t\t\t<\/div>\n\t\t\t\t<\/div>\n\t\t\t\t<div class=\"elementor-element elementor-element-2d9510f elementor-widget__width-initial elementor-cta--tablet-layout-image-left elementor-cta--mobile-layout-image-above elementor-widget-tablet__width-inherit elementor-widget-mobile__width-inherit elementor-cta--skin-classic elementor-animated-content elementor-widget elementor-widget-call-to-action\" data-id=\"2d9510f\" data-element_type=\"widget\" data-e-type=\"widget\" data-widget_type=\"call-to-action.default\">\n\t\t\t\t<div class=\"elementor-widget-container\">\n\t\t\t\t\t\t\t<div class=\"elementor-cta\">\n\t\t\t\t\t<div class=\"elementor-cta__bg-wrapper\">\n\t\t\t\t<div class=\"elementor-cta__bg elementor-bg\" style=\"background-image: url(https:\/\/inspirahotels.com\/wp-content\/uploads\/2022\/09\/hotel_deals_lisbon_inspira_liberdade-1024x683.jpg);\" role=\"img\" aria-label=\"hotel_deals_lisbon_inspira_liberdade\"><\/div>\n\t\t\t\t<div class=\"elementor-cta__bg-overlay\"><\/div>\n\t\t\t<\/div>\n\t\t\t\t\t\t\t<div class=\"elementor-cta__content\">\n\t\t\t\t\n\t\t\t\t\t\t\t\t\t<div class=\"elementor-cta__title elementor-cta__content-item elementor-content-item\">\n\t\t\t\t\t\tExplorez la ville avec des guides Inspira\t\t\t\t\t<\/div>\n\t\t\t\t\n\t\t\t\t\n\t\t\t\t\t\t\t\t\t<div class=\"elementor-cta__button-wrapper elementor-cta__content-item elementor-content-item \">\n\t\t\t\t\t<a class=\"elementor-cta__button elementor-button elementor-size-\" href=\"\/fr\/decouvre-visiter-lisbonne\/\">\n\t\t\t\t\t\tExplorez Lisbonne\t\t\t\t\t<\/a>\n\t\t\t\t\t<\/div>\n\t\t\t\t\t\t\t<\/div>\n\t\t\t\t\t\t<\/div>\n\t\t\t\t\t\t<\/div>\n\t\t\t\t<\/div>\n\t\t\t\t\t<\/div>\n\t\t<\/div>\n\t\t\t\t\t<\/div>\n\t\t<\/section>\n\t\t\t\t<\/div>\n\t\t","protected":false},"excerpt":{"rendered":"<p>48 heures \u00e0 Lisbonne #anossalisboa #InspiraLiberdade Tant de choses \u00e0 voir, tant de choses \u00e0 d\u00e9couvrir. Et 48 heures \u00e0 Lisbonne passent en un \u00e9clair. Nous vous guiderons \u00e0 travers certains de nos endroits pr\u00e9f\u00e9r\u00e9s \u00e0 Lisbonne : les espaces verts, les points de vue, cette collation sp\u00e9ciale ou le c\u00e9l\u00e8bre pastel de Bel\u00e9m. Certain [&hellip;]<\/p>\n","protected":false},"author":1,"featured_media":0,"comment_status":"closed","ping_status":"closed","sticky":false,"template":"","format":"standard","meta":{"_acf_changed":false,"footnotes":""},"categories":[26],"tags":[],"class_list":["post-9754","post","type-post","status-publish","format-standard","hentry","category-non-classifiee"],"acf":[],"_links":{"self":[{"href":"https:\/\/inspirahotels.com\/fr\/wp-json\/wp\/v2\/posts\/9754","targetHints":{"allow":["GET"]}}],"collection":[{"href":"https:\/\/inspirahotels.com\/fr\/wp-json\/wp\/v2\/posts"}],"about":[{"href":"https:\/\/inspirahotels.com\/fr\/wp-json\/wp\/v2\/types\/post"}],"author":[{"embeddable":true,"href":"https:\/\/inspirahotels.com\/fr\/wp-json\/wp\/v2\/users\/1"}],"replies":[{"embeddable":true,"href":"https:\/\/inspirahotels.com\/fr\/wp-json\/wp\/v2\/comments?post=9754"}],"version-history":[{"count":0,"href":"https:\/\/inspirahotels.com\/fr\/wp-json\/wp\/v2\/posts\/9754\/revisions"}],"wp:attachment":[{"href":"https:\/\/inspirahotels.com\/fr\/wp-json\/wp\/v2\/media?parent=9754"}],"wp:term":[{"taxonomy":"category","embeddable":true,"href":"https:\/\/inspirahotels.com\/fr\/wp-json\/wp\/v2\/categories?post=9754"},{"taxonomy":"post_tag","embeddable":true,"href":"https:\/\/inspirahotels.com\/fr\/wp-json\/wp\/v2\/tags?post=9754"}],"curies":[{"name":"wp","href":"https:\/\/api.w.org\/{rel}","templated":true}]}}